{"id":3189,"date":"2023-07-26T03:36:16","date_gmt":"2023-07-26T01:36:16","guid":{"rendered":"https:\/\/ambtokyo.esteri.it\/?p=3189"},"modified":"2023-08-28T03:27:44","modified_gmt":"2023-08-28T01:27:44","slug":"cooperazione-italia-giappone-esercitazione-congiunta-tra-aeronautiche-militari","status":"publish","type":"post","link":"https:\/\/ambtokyo.esteri.it\/it\/news\/dall_ambasciata\/2023\/07\/cooperazione-italia-giappone-esercitazione-congiunta-tra-aeronautiche-militari\/","title":{"rendered":"COOPERAZIONE ITALIA-GIAPPONE: ESERCITAZIONE CONGIUNTA TRA AERONAUTICHE MILITARI"},"content":{"rendered":"<p><em>Attraverso una complessa operazione logistica, l\u2019Aeronautica Militare rischierer\u00e0 in Giappone molteplici assetti per l\u2019attivit\u00e0 addestrativa, tra cui quattro velivoli F-35<\/em><\/p>\n<p>Si svolger\u00e0 dal 4 all\u20198 agosto, presso la base aerea giapponese di Komatsu, l\u2019esercitazione congiunta che vedr\u00e0 velivoli dell\u2019Aeronautica Militare e della Japan Air Self-Defense Force addestrarsi insieme su diverse attivit\u00e0 in scenario operativo.<\/p>\n<p>Per l\u2019Aeronautica Militare, il cui rischieramento dei mezzi inizier\u00e0 gi\u00e0 negli ultimi giorni di luglio con una complessa e minuziosa operazione logistica, questa esercitazione sar\u00e0 anche un importante test della rete di comando e controllo e della propria capacit\u00e0 di proiettare, sostenere e far operare assetti in un teatro lontano (definita <em>expeditionary<\/em>). L\u2019Italia porter\u00e0 infatti in Giappone velivoli dalle caratteristiche di impiego molto diverse, inclusi i caccia di 5<sup>a<\/sup> generazione F-35, i <em>tanker<\/em> KC-767A, il nuovissimo CAEW (Conformal Airborne Early Warning) G-550 e i velivoli da trasporto tattico C-130J.<\/p>\n<p>Anche questa attivit\u00e0 addestrativa, volta ad accrescere ulteriormente le competenze delle reciproche Forza Aeree in termini interoperabilit\u00e0 e capacit\u00e0 operativa, rientra nell\u2019ambito dei pi\u00f9 ampi rapporti di collaborazione tra Italia e Giappone, che includono anche l\u2019accordo tra Aeronautica Militare e Japan Air Self-Defense Force per la formazione di <em>student pilot<\/em> presso l\u2019International Flight Training School (IFTS), basata a Decimomannu.<\/p>\n","protected":false},"excerpt":{"rendered":"Attraverso una complessa operazione logistica, l\u2019Aeronautica Militare rischierer\u00e0 in Giappone molteplici assetti per l\u2019attivit\u00e0 addestrativa, tra cui quattro velivoli F-35 Si svolger\u00e0 dal 4 all\u20198 agosto, presso la base aerea giapponese di Komatsu, l\u2019esercitazione congiunta che vedr\u00e0 velivoli dell\u2019Aeronautica Militare e della Japan Air Self-Defense Force addestrarsi insieme su diverse attivit\u00e0 in scenario operativo. Per [&hellip;]","protected":false},"author":6,"featured_media":3187,"comment_status":"closed","ping_status":"closed","sticky":false,"template":"","format":"standard","meta":{"footnotes":""},"tags":[],"class_list":["post-3189","post","type-post","status-publish","format-standard","has-post-thumbnail","hentry"],"_links":{"self":[{"href":"https:\/\/ambtokyo.esteri.it\/it\/wp-json\/wp\/v2\/posts\/3189","targetHints":{"allow":["GET"]}}],"collection":[{"href":"https:\/\/ambtokyo.esteri.it\/it\/wp-json\/wp\/v2\/posts"}],"about":[{"href":"https:\/\/ambtokyo.esteri.it\/it\/wp-json\/wp\/v2\/types\/post"}],"author":[{"embeddable":true,"href":"https:\/\/ambtokyo.esteri.it\/it\/wp-json\/wp\/v2\/users\/6"}],"replies":[{"embeddable":true,"href":"https:\/\/ambtokyo.esteri.it\/it\/wp-json\/wp\/v2\/comments?post=3189"}],"version-history":[{"count":0,"href":"https:\/\/ambtokyo.esteri.it\/it\/wp-json\/wp\/v2\/posts\/3189\/revisions"}],"wp:featuredmedia":[{"embeddable":true,"href":"https:\/\/ambtokyo.esteri.it\/it\/wp-json\/wp\/v2\/media\/3187"}],"wp:attachment":[{"href":"https:\/\/ambtokyo.esteri.it\/it\/wp-json\/wp\/v2\/media?parent=3189"}],"wp:term":[{"taxonomy":"post_tag","embeddable":true,"href":"https:\/\/ambtokyo.esteri.it\/it\/wp-json\/wp\/v2\/tags?post=3189"}],"curies":[{"name":"wp","href":"https:\/\/api.w.org\/{rel}","templated":true}]}}