{"id":8164,"date":"2026-04-30T04:11:14","date_gmt":"2026-04-30T02:11:14","guid":{"rendered":"https:\/\/ambtokyo.esteri.it\/?p=8164"},"modified":"2026-04-30T04:11:14","modified_gmt":"2026-04-30T02:11:14","slug":"il-meglio-di-un-anno-di-cinema-italiano-in-giappone-con-i-film-di-martone-golino-milani-ozpetek-sossai-rosi-samani-michieletto-per-il-26-festival-del-cinema-italiano-in-giappone","status":"publish","type":"post","link":"https:\/\/ambtokyo.esteri.it\/it\/news\/dall_ambasciata\/2026\/04\/il-meglio-di-un-anno-di-cinema-italiano-in-giappone-con-i-film-di-martone-golino-milani-ozpetek-sossai-rosi-samani-michieletto-per-il-26-festival-del-cinema-italiano-in-giappone\/","title":{"rendered":"Il meglio di un anno di cinema italiano in Giappone con i film di Martone, Golino, Milani, Ozpetek, Sossai, Rosi, Samani, Michieletto per il 26\u00b0 FESTIVAL DEL CINEMA ITALIANO IN GIAPPONE"},"content":{"rendered":"<p><img loading=\"lazy\" decoding=\"async\" class=\"alignnone size-full wp-image-8167 img-fluid\" src=\"https:\/\/ambtokyo.esteri.it\/wp-content\/uploads\/2026\/04\/Festival-Cinema.jpg\" alt=\"\" width=\"146\" height=\"106\" \/> \u3000\u3000\u3000<img loading=\"lazy\" decoding=\"async\" class=\"alignnone  wp-image-8124 img-fluid\" src=\"https:\/\/ambtokyo.esteri.it\/wp-content\/uploads\/2026\/04\/160ItaliaGiappone_Logo-300x167.jpg\" alt=\"\" width=\"196\" height=\"109\" srcset=\"https:\/\/ambtokyo.esteri.it\/wp-content\/uploads\/2026\/04\/160ItaliaGiappone_Logo-300x167.jpg 300w, https:\/\/ambtokyo.esteri.it\/wp-content\/uploads\/2026\/04\/160ItaliaGiappone_Logo-1024x569.jpg 1024w, https:\/\/ambtokyo.esteri.it\/wp-content\/uploads\/2026\/04\/160ItaliaGiappone_Logo-768x427.jpg 768w, https:\/\/ambtokyo.esteri.it\/wp-content\/uploads\/2026\/04\/160ItaliaGiappone_Logo.jpg 1679w\" sizes=\"auto, (max-width: 196px) 100vw, 196px\" \/><\/p>\n<p>&nbsp;<\/p>\n<p>Torna per l\u2019edizione numero 26 il <strong>Festival del Cinema Italiano in Giappone<\/strong>, a <strong>Tokyo dal 1 al 6 maggio <\/strong>e con una ripresa <strong>ad Osaka<\/strong> il 9 e 10 maggio, uno degli appuntamenti pi\u00f9 prestigiosi ed efficaci del cinema italiano all\u2019estero, divenuto in un quarto di secolo non solo vetrina presso una platea esigente, ma una vera finestra per le nostre produzioni in uno dei mercati nodali del panorama internazionale. <strong>Il Festival \u00e8 organizzato da Cinecitt\u00e0<\/strong>, <strong>Istituto Italiano di Cultura di Tokyo <\/strong>e <strong>Istituto Italiano di Cultura di Osaka <\/strong>e il colosso editoriale <strong>Asahi Shimbun<\/strong>, con il <strong>Patrocinio dell\u2019Ambasciata d\u2019Italia a Tokyo<\/strong>.<\/p>\n<p>La selezione dei film \u00e8 effettuata da Takashi Matsuura, critico del Dipartimento Promozione Culturale dell\u2019Asahi Shimbun, con l&#8217;Istituto Italiano di Cultura di Tokyo e quello di Osaka.<\/p>\n<p><strong>Sono 14 i titoli selezionati <\/strong>quest\u2019anno, in una kermesse che ha raggiunto un risultato straordinario: <strong>il 40% dei film presentati nella rassegna trovano poi distribuzione nelle sale giapponesi. <\/strong><\/p>\n<p>\u201cIl Festival del Cinema Italiano giunge alla sua ventiseiesima edizione in un anno di straordinaria rilevanza per le nostre relazioni bilaterali, nel pieno delle celebrazioni per il 160\u00b0 anniversario dei rapporti tra Italia e Giappone\u201d, ha dichiarato <strong>l\u2019Ambasciatore d\u2019Italia in Giappone, Mario Vattani<\/strong>. \u201cLa rassegna di quest&#8217;anno si distingue per una partecipazione senza precedenti, con una folta delegazione di professionisti e artisti giunta dall\u2019Italia per il Festival, segno del rinnovato interesse e della vitalit\u00e0 del nostro comparto audiovisivo. Il cinema non \u00e8 solo espressione artistica, ma un asset strategico della diplomazia della crescita. Attraverso la promozione dell\u2019audiovisivo italiano e il recente Accordo di coproduzione cinematografica tra Italia e Giappone, intendiamo non solo favorire lo scambio culturale, ma attrarre nuovi investimenti e creare solide opportunit\u00e0 di crescita per la nostra industria creativa, consolidando un legame che vede nei nostri Paesi due riferimenti imprescindibili nel panorama culturale mondiale\u201d.<\/p>\n<p>Cos\u00ec <strong>la Direttrice dell&#8217;Istituto Italiano di Cultura di\u00a0Tokyo,\u00a0Silvana De Maio<\/strong>: &#8221;Quest\u2019anno, per la prima volta, l\u2019Istituto Italiano di Cultura di\u00a0Tokyo\u00a0ha co-organizzato con Cinecitt\u00e0 un breve ciclo di proiezioni dal titolo <em>Mercoled\u00ec con il cinema italiano<\/em>: in attesa\u00a0dell\u2019inizio\u00a0del Festival, nel corso\u00a0del mese di aprile, sono proposti quattro film gi\u00e0 presentati durante le passate edizioni, preceduti da un breve saluto\u00a0dei rispettivi registi al pubblico\u00a0dell\u2019Istituto. L\u2019evento settimanale \u00e8 accompagnato dalla nuova edizione di proiezioni online che permette al pubblico su tutto il territorio giapponese di assistere a una ricca selezione di film italiani tra i quali anche tre cortometraggi realizzati da grandi maestri contemporanei come Marco Bellocchio, Mario Martone e Ferzan Ozpetek.&#8221;<\/p>\n<p><strong>Per il Presidente di Cinecitt\u00e0 Antonio Saccone<\/strong>: \u2018Cinecitt\u00e0 \u00e8 da sempre e oggi di pi\u00f9 una pedina fondamentale della diplomazia culturale italiana. La sua duplice anima di impresa culturale ci stimola per dna a tessere rapporti istituzionali per raccontare ovunque la cultura audiovisiva italiana, mentre le nostre competenze ci consentono di raggiungere il dialogo per aiutare i nostri film ad avere mercato. Il Giappone \u00e8 un partner unico per storia e per competenze audiovisive, e se da oltre 25 anni portiamo qui i nostri autori, registi, attori, le storie e lo stile del cinema italiano, vuol dire che l\u2019esperienza funziona. Cinecitt\u00e0 si impegna a far s\u00ec che quello che di eccellente abbiamo fatto, lo sia sempre di pi\u00f9 in sinergia con tutti i soggetti istituzionali e industriali\u2019.<\/p>\n<p><strong>Manuela Cacciamani, Amministratore delegato di Cinecitt\u00e0<\/strong>, dichiara: \u2018Da produttrice prima e oggi come rappresentante pubblico so che gioia \u00e8 portare un film in un contesto internazionale vivace e forte come il Giappone. E\u2019 uno degli impegni pi\u00f9 importanti di Cinecitt\u00e0, presentare al mondo quello che la nostra produzione, i nostri creativi, gli artisti e gli artigiani, i rappresentanti del nostro immaginario, sanno fare. E\u2019 una bellissima festa di lavoro e passione e non c\u2019\u00e8 spettacolo pi\u00f9 grato che assistere alle file di spettatori a Tokyo e Osaka curiose di vedere cosa il cinema italiano \u00e8 in grado di raccontare. Cinecitt\u00e0 non \u00e8 solo studi, set, \u00e8 anche questo passaporto dei nostri cineasti, e il Giappone \u00e8 una delle mete pi\u00f9 belle e sfidanti che possiamo raggiungere\u2019.<\/p>\n<p>&nbsp;<\/p>\n<p><strong>Questi i film selezionati per il 26. Festival del Cinema italiano in Giappone<\/strong><\/p>\n<p>Proiezioni presso la Yurakutcho Asahi Hall di Ginza (1\/6maggio), e l\u2019ABC Hall di Osaka (9\/10 maggio 2026)<\/p>\n<p><strong>\u00a0<\/strong><\/p>\n<p><strong>Tokyo<\/strong><\/p>\n<p><strong>1-6 maggio 2026<\/strong><\/p>\n<p><em>\u00a0<\/em><em>Breve storia d\u2019amore<\/em> di Ludovica Rampoldi<\/p>\n<p><em>Cinque secondi<\/em> di Paolo Virz\u00ec<\/p>\n<p><em>Diamanti<\/em> di Ferzan Ozpetek<\/p>\n<p><em>Elisa<\/em> di Leonardo Di Costanzo<\/p>\n<p><em>Fuori <\/em>di Mario Martone<\/p>\n<p><em>Gioia mia<\/em> di Margherita Spampinato<\/p>\n<p><em>L\u2019arte della gioia<\/em> di Valeria Golino<\/p>\n<p><em>La citt\u00e0 proibita<\/em> di Gabriele Mainetti<\/p>\n<p><em>La vita da grandi <\/em>di Greta Scarano<\/p>\n<p><em>La vita va cos\u00ec <\/em>di Riccardo Milani<\/p>\n<p><em>Le citt\u00e0 di pianura<\/em> di Francesco Sossai<\/p>\n<p><em>Primavera<\/em> di Damiano Michieletto<\/p>\n<p><em>Sotto le nuvole<\/em> di Gianfranco Rosi<\/p>\n<p><em>Un anno di scuola<\/em> di Laura Samani<\/p>\n<p><strong>\u00a0<\/strong><\/p>\n<p><strong>Osaka <\/strong><\/p>\n<p><strong>9\/10 maggio 2026<\/strong><\/p>\n<p><strong>\u00a0<\/strong><em>Breve storia d\u2019amore<\/em> di Ludovica Rampoldi<\/p>\n<p><em>Fuori <\/em>di Mario Martone<\/p>\n<p><em>La citt\u00e0 proibita<\/em> di Gabriele Mainetti<\/p>\n<p><em>La vita da grandi <\/em>di Greta Scarano<\/p>\n<p><em>La vita va cos\u00ec <\/em>di Riccardo Milani<\/p>\n<p><em>Le citt\u00e0 di pianura<\/em> di Francesco Sossai<\/p>\n<p><em>Primavera<\/em> di Damiano Michieletto<\/p>\n<p>&nbsp;<\/p>\n<p>Come ogni anno \u00e8 prevista la presenza di una delegazione artistica che incontrer\u00e0 il pubblico giapponese per presentare i film. Sono presenti quest\u2019anno <strong>Gabriele Mainetti, Riccardo Milani, Ferzan Ozpetek, Ludovica Rampoldi, Gianfranco Rosi, Margherita Spampinato.<\/strong><\/p>\n<p>Il festival del cinema italiano si tiene tradizionalmente durante la Golden Week (fine aprile\/inizio maggio), il periodo delle vacanze primaverili giapponesi legate ad alcune festivit\u00e0 locali, permettendo di intercettare ill pubblico festivo. La risposta del pubblico, e dei cinema locali, \u00e8 sempre arrivata forte e partecipe per i nostri film.<\/p>\n<p>&nbsp;<\/p>\n<p><a href=\"https:\/\/www.asahi.com\/italia\/2026\/\">https:\/\/www.asahi.com\/italia\/2026\/<\/a><\/p>\n<p><a href=\"http:\/\/www.cinecitta.com\">www.cinecitta.com<\/a><\/p>\n<p>&nbsp;<\/p>\n","protected":false},"excerpt":{"rendered":"\u3000\u3000\u3000 &nbsp; Torna per l\u2019edizione numero 26 il Festival del Cinema Italiano in Giappone, a Tokyo dal 1 al 6 maggio e con una ripresa ad Osaka il 9 e 10 maggio, uno degli appuntamenti pi\u00f9 prestigiosi ed efficaci del cinema italiano all\u2019estero, divenuto in un quarto di secolo non solo vetrina presso una platea [&hellip;]","protected":false},"author":6,"featured_media":8160,"comment_status":"closed","ping_status":"closed","sticky":false,"template":"","format":"standard","meta":{"footnotes":""},"tags":[22,26],"class_list":["post-8164","post","type-post","status-publish","format-standard","has-post-thumbnail","hentry","tag-diplomazia-culturale","tag-italiani-nel-mondo"],"_links":{"self":[{"href":"https:\/\/ambtokyo.esteri.it\/it\/wp-json\/wp\/v2\/posts\/8164","targetHints":{"allow":["GET"]}}],"collection":[{"href":"https:\/\/ambtokyo.esteri.it\/it\/wp-json\/wp\/v2\/posts"}],"about":[{"href":"https:\/\/ambtokyo.esteri.it\/it\/wp-json\/wp\/v2\/types\/post"}],"author":[{"embeddable":true,"href":"https:\/\/ambtokyo.esteri.it\/it\/wp-json\/wp\/v2\/users\/6"}],"replies":[{"embeddable":true,"href":"https:\/\/ambtokyo.esteri.it\/it\/wp-json\/wp\/v2\/comments?post=8164"}],"version-history":[{"count":1,"href":"https:\/\/ambtokyo.esteri.it\/it\/wp-json\/wp\/v2\/posts\/8164\/revisions"}],"predecessor-version":[{"id":8173,"href":"https:\/\/ambtokyo.esteri.it\/it\/wp-json\/wp\/v2\/posts\/8164\/revisions\/8173"}],"wp:featuredmedia":[{"embeddable":true,"href":"https:\/\/ambtokyo.esteri.it\/it\/wp-json\/wp\/v2\/media\/8160"}],"wp:attachment":[{"href":"https:\/\/ambtokyo.esteri.it\/it\/wp-json\/wp\/v2\/media?parent=8164"}],"wp:term":[{"taxonomy":"post_tag","embeddable":true,"href":"https:\/\/ambtokyo.esteri.it\/it\/wp-json\/wp\/v2\/tags?post=8164"}],"curies":[{"name":"wp","href":"https:\/\/api.w.org\/{rel}","templated":true}]}}