{"id":9844,"date":"2026-09-01T08:06:31","date_gmt":"2026-09-01T06:06:31","guid":{"rendered":"https:\/\/ambtokyo.esteri.it\/?p=9844"},"modified":"2026-09-01T08:06:31","modified_gmt":"2026-09-01T06:06:31","slug":"comunicato-stampa-nave-giovanni-delle-bande-nere-in-sosta-a-yokosuka","status":"publish","type":"post","link":"https:\/\/ambtokyo.esteri.it\/it\/news\/dall_ambasciata\/2026\/09\/comunicato-stampa-nave-giovanni-delle-bande-nere-in-sosta-a-yokosuka\/","title":{"rendered":"Comunicato Stampa: Nave Giovanni delle Bande Nere in sosta a Yokosuka"},"content":{"rendered":"<p><em>La naval diplomacy \u00e8 il punto chiave della tappa giapponese <\/em><\/p>\n<p>Nell\u2019ambito dell\u2019elongazione di proiezione operativa nel quadrante Indopacifico, nave Giovanni delle Bande Nere raggiunger\u00e0 il Giappone, dove effettuer\u00e0 una sosta dal 2 al 7 settembre presso la base navale di Yokosuka.<\/p>\n<p>Al suo arrivo l\u2019Unit\u00e0 sar\u00e0 accolta dall\u2019Ambasciatore d\u2019Italia a Tokyo, S.E. Mario Andrea Vattani, e da una rappresentanza della Forza Marittima di Autodifesa (JMSDF), componente navale delle Forze di Autodifesa nipponiche.<\/p>\n<p>Nave Giovanni Delle Bande Nere, partita lo scorso 3 maggio dalla base navale di Taranto, toccher\u00e0 ben 10 porti, consolidando la presenza nazionale nella Regione nell\u2019ambito di una pi\u00f9 ampia cooperazione internazionale, volta alla valorizzazione del \u201cSistema Italia\u201d in termini tecnologici, industriali e culturali, e la promozione dell\u2019eccellenza italiana durante i principali eventi organizzati nel corso del dispiegamento.<\/p>\n<p>In linea con gli obiettivi strategici dell\u2019elongazione di proiezione operativa e nel solco del consolidamento delle relazioni di collaborazione internazionale gi\u00e0 avviate in passato dalle unit\u00e0 della Marina Militare, la tappa di nave Giovanni Delle Bande Nere a Yokosuka ribadisce la volont\u00e0 della Difesa italiana di rappresentare la capacit\u00e0 nazionale di operare in contesti marittimi globali e rafforzare la cooperazione con le Marine alleate e <em>partner <\/em>favorendo la tutela delle linee di comunicazione marittima e la libert\u00e0 di navigazione<em>.<\/em><\/p>\n<p>Prima di lasciare il Giappone, l\u2019unit\u00e0 effettuer\u00e0 un\u2019esercitazione<em> passex<\/em> con un\u2019unit\u00e0 della JMSDF per un addestramento congiunto volto a testare la prontezza degli equipaggi e l\u2019efficienza dei rispettivi assetti.<\/p>\n","protected":false},"excerpt":{"rendered":"La naval diplomacy \u00e8 il punto chiave della tappa giapponese Nell\u2019ambito dell\u2019elongazione di proiezione operativa nel quadrante Indopacifico, nave Giovanni delle Bande Nere raggiunger\u00e0 il Giappone, dove effettuer\u00e0 una sosta dal 2 al 7 settembre presso la base navale di Yokosuka. Al suo arrivo l\u2019Unit\u00e0 sar\u00e0 accolta dall\u2019Ambasciatore d\u2019Italia a Tokyo, S.E. Mario Andrea Vattani, [&hellip;]","protected":false},"author":6,"featured_media":9838,"comment_status":"closed","ping_status":"closed","sticky":false,"template":"","format":"standard","meta":{"footnotes":""},"tags":[],"class_list":["post-9844","post","type-post","status-publish","format-standard","has-post-thumbnail","hentry"],"_links":{"self":[{"href":"https:\/\/ambtokyo.esteri.it\/it\/wp-json\/wp\/v2\/posts\/9844","targetHints":{"allow":["GET"]}}],"collection":[{"href":"https:\/\/ambtokyo.esteri.it\/it\/wp-json\/wp\/v2\/posts"}],"about":[{"href":"https:\/\/ambtokyo.esteri.it\/it\/wp-json\/wp\/v2\/types\/post"}],"author":[{"embeddable":true,"href":"https:\/\/ambtokyo.esteri.it\/it\/wp-json\/wp\/v2\/users\/6"}],"replies":[{"embeddable":true,"href":"https:\/\/ambtokyo.esteri.it\/it\/wp-json\/wp\/v2\/comments?post=9844"}],"version-history":[{"count":1,"href":"https:\/\/ambtokyo.esteri.it\/it\/wp-json\/wp\/v2\/posts\/9844\/revisions"}],"predecessor-version":[{"id":9846,"href":"https:\/\/ambtokyo.esteri.it\/it\/wp-json\/wp\/v2\/posts\/9844\/revisions\/9846"}],"wp:featuredmedia":[{"embeddable":true,"href":"https:\/\/ambtokyo.esteri.it\/it\/wp-json\/wp\/v2\/media\/9838"}],"wp:attachment":[{"href":"https:\/\/ambtokyo.esteri.it\/it\/wp-json\/wp\/v2\/media?parent=9844"}],"wp:term":[{"taxonomy":"post_tag","embeddable":true,"href":"https:\/\/ambtokyo.esteri.it\/it\/wp-json\/wp\/v2\/tags?post=9844"}],"curies":[{"name":"wp","href":"https:\/\/api.w.org\/{rel}","templated":true}]}}