{"id":9852,"date":"2026-09-02T08:35:44","date_gmt":"2026-09-02T06:35:44","guid":{"rendered":"https:\/\/ambtokyo.esteri.it\/?p=9852"},"modified":"2026-09-02T08:35:44","modified_gmt":"2026-09-02T06:35:44","slug":"comunicato-stampa-nave-giovanni-delle-bande-nere-a-yokosuka-difesa-delle-rotte-e-cooperazione-industriale-al-centro-della-visita","status":"publish","type":"post","link":"https:\/\/ambtokyo.esteri.it\/it\/news\/dall_ambasciata\/2026\/09\/comunicato-stampa-nave-giovanni-delle-bande-nere-a-yokosuka-difesa-delle-rotte-e-cooperazione-industriale-al-centro-della-visita\/","title":{"rendered":"Comunicato Stampa: Nave &#8220;Giovanni delle Bande Nere&#8221; a Yokosuka: difesa delle rotte e cooperazione industriale al centro della visita"},"content":{"rendered":"<p>L&#8217;Ambasciatore Vattani: \u00abItalia e Giappone fianco a fianco per la sicurezza, la stabilit\u00e0 e la difesa delle rotte internazionali\u00bb.<\/p>\n<p>TOKYO, 2 SETTEMBRE 2026 \u2013 Il pattugliatore polivalente d&#8217;altura della Marina Militare italiana Giovanni delle Bande Nere \u00e8 giunto oggi a Yokosuka, una delle principali basi navali del Giappone, nell\u2019ambito della crescente cooperazione nel settore della sicurezza e della difesa tra Roma e Tokyo. Ad accogliere l\u2019unit\u00e0 navale, insieme ai rappresentanti della Forza Marittima di Autodifesa (JMSDF), l\u2019Ambasciatore d\u2019Italia in Giappone, Mario Vattani. Nel corso dello scalo, Nave Giovanni delle Bande Nere, al comando del Capitano di Fregata Bufis, condurr\u00e0 anche un\u2019esercitazione bilaterale con la Marina giapponese, rafforzando ulteriormente l\u2019interoperabilit\u00e0 tra le forze armate dei due Paesi. La sosta dell&#8217;unit\u00e0 sar\u00e0 inoltre l&#8217;occasione per illustrare ai rappresentanti di importanti aziende giapponesi le capacit\u00e0 tecnologiche di avanguardia della Marina Militare e del comparto industriale italiano e le grandi opportunit\u00e0 di collaborazione tra Italia e Giappone nel comparto della difesa.<\/p>\n<p>La visita assume un significato particolare nell\u2019anno del 160\u00b0 anniversario delle relazioni diplomatiche tra Italia e Giappone, avviate nel 1866 con la firma del Trattato di Amicizia e Commercio a bordo della corvetta italiana Magenta, e si inserisce nel quadro del Partenariato Strategico Speciale sviluppato sotto la leadership del Presidente del Consiglio, Giorgia Meloni, e del Primo Ministro Sanae Takaichi.<\/p>\n<p>\u00abLa presenza di Nave Giovanni delle Bande Nere a Yokosuka non \u00e8 un episodio isolato, ma un nuovo tassello di un impegno italiano nell\u2019Indo-Pacifico che negli ultimi anni \u00e8 diventato pi\u00f9 continuo e concreto\u00bb, ha dichiarato l\u2019Ambasciatore Vattani. \u00abItalia e Giappone condividono oggi una visione strategica: sappiamo che la sicurezza dell\u2019Europa, del Mediterraneo e dell\u2019Indo-Pacifico \u00e8 sempre pi\u00f9 interconnessa. Difendere la pace e la stabilit\u00e0, il diritto internazionale e la libert\u00e0 di navigazione significa quindi tutelare interessi e valori comuni\u00bb. \u00abIl nostro Partenariato Strategico Speciale \u2013 ha proseguito Vattani \u2013 sta trasformando questa visione comune in capacit\u00e0 concrete: dalle esercitazioni tra le nostre Forze alla cooperazione industriale e tecnologica, fino a un programma strategico come il Global Combat Air Programme, che vede Italia e Giappone lavorare insieme allo sviluppo delle tecnologie della difesa di prossima generazione. Non siamo pi\u00f9 soltanto due Nazioni amiche: siamo partner che investono insieme nella propria sicurezza e nel futuro\u00bb.<\/p>\n<p>La visita di Nave Giovanni delle Bande Nere \u00e8 parte di una presenza navale italiana in Giappone divenuta particolarmente intensa nel corso degli ultimi anni. Nel 2023 il pattugliatore d\u2019altura Francesco Morosini aveva fatto scalo proprio a Yokosuka, segnando il ritorno della Marina Militare in Giappone dopo oltre vent\u2019anni. Nel 2024 erano giunti il Gruppo d\u2019attacco della portaerei Cavour con la fregata Alpino, il pattugliatore Raimondo Montecuccoli aveva visitato Okinawa, e nave Amerigo Vespucci aveva gettato l\u2019ancora a Tokyo. Nel 2025 la fregata Antonio Marceglia aveva fatto tappa a Yokosuka e Osaka.<\/p>\n<p>\u00abQuesta continuit\u00e0 \u00e8 il segnale pi\u00f9 evidente del salto di qualit\u00e0 compiuto nei rapporti tra Italia e Giappone\u00bb, ha concluso Vattani. \u00abLe nostre navi, i nostri marinai, le nostre industrie e le nostre tecnologie sono oggi parte di una cooperazione che ha assunto una dimensione realmente strategica. La presenza italiana nell\u2019Indo-Pacifico non \u00e8 episodica: \u00e8 l\u2019espressione della volont\u00e0 di lavorare con il Giappone e con gli altri partner che condividono i nostri principi per contribuire concretamente alla pace, alla sicurezza e alla stabilit\u00e0 internazionale\u00bb.<\/p>\n","protected":false},"excerpt":{"rendered":"L&#8217;Ambasciatore Vattani: \u00abItalia e Giappone fianco a fianco per la sicurezza, la stabilit\u00e0 e la difesa delle rotte internazionali\u00bb. TOKYO, 2 SETTEMBRE 2026 \u2013 Il pattugliatore polivalente d&#8217;altura della Marina Militare italiana Giovanni delle Bande Nere \u00e8 giunto oggi a Yokosuka, una delle principali basi navali del Giappone, nell\u2019ambito della crescente cooperazione nel settore della [&hellip;]","protected":false},"author":6,"featured_media":9855,"comment_status":"closed","ping_status":"closed","sticky":false,"template":"","format":"standard","meta":{"footnotes":""},"tags":[25],"class_list":["post-9852","post","type-post","status-publish","format-standard","has-post-thumbnail","hentry","tag-politica-estera"],"_links":{"self":[{"href":"https:\/\/ambtokyo.esteri.it\/it\/wp-json\/wp\/v2\/posts\/9852","targetHints":{"allow":["GET"]}}],"collection":[{"href":"https:\/\/ambtokyo.esteri.it\/it\/wp-json\/wp\/v2\/posts"}],"about":[{"href":"https:\/\/ambtokyo.esteri.it\/it\/wp-json\/wp\/v2\/types\/post"}],"author":[{"embeddable":true,"href":"https:\/\/ambtokyo.esteri.it\/it\/wp-json\/wp\/v2\/users\/6"}],"replies":[{"embeddable":true,"href":"https:\/\/ambtokyo.esteri.it\/it\/wp-json\/wp\/v2\/comments?post=9852"}],"version-history":[{"count":1,"href":"https:\/\/ambtokyo.esteri.it\/it\/wp-json\/wp\/v2\/posts\/9852\/revisions"}],"predecessor-version":[{"id":9860,"href":"https:\/\/ambtokyo.esteri.it\/it\/wp-json\/wp\/v2\/posts\/9852\/revisions\/9860"}],"wp:featuredmedia":[{"embeddable":true,"href":"https:\/\/ambtokyo.esteri.it\/it\/wp-json\/wp\/v2\/media\/9855"}],"wp:attachment":[{"href":"https:\/\/ambtokyo.esteri.it\/it\/wp-json\/wp\/v2\/media?parent=9852"}],"wp:term":[{"taxonomy":"post_tag","embeddable":true,"href":"https:\/\/ambtokyo.esteri.it\/it\/wp-json\/wp\/v2\/tags?post=9852"}],"curies":[{"name":"wp","href":"https:\/\/api.w.org\/{rel}","templated":true}]}}